{"id":154,"date":"2017-11-19T11:00:50","date_gmt":"2017-11-19T10:00:50","guid":{"rendered":"http:\/\/www.ipa-kraljevo.org\/?p=154"},"modified":"2017-11-24T01:12:41","modified_gmt":"2017-11-24T00:12:41","slug":"poziv-podregija-negotin","status":"publish","type":"post","link":"https:\/\/www.ipa-kraljevo.org\/?p=154","title":{"rendered":"\u041f\u043e\u0437\u0438\u0432 &#8211; \u041f\u043e\u0434\u0440\u0435\u0433\u0438\u0458\u0430 \u041d\u0435\u0433\u043e\u0442\u0438\u043d"},"content":{"rendered":"<p>Dana 25.11.2017. godine organizova\u0107e se proslava povodom osnivanja Podregije IPA Negotin &#8211; Regija Bor. Sve\u010dana ve\u010dera odr\u017eace se na Raja\u010dkim pimnicama sa po\u010detkom u 18,00 \u010dasova. Smestaj gostiju je u turisti\u010dkim seoskim doma\u0107instvima u selu Rajac.<\/p>\n<p><img loading=\"lazy\" decoding=\"async\" class=\"alignnone size-medium wp-image-157\" src=\"http:\/\/www.ipa-kraljevo.org\/wp-content\/uploads\/2017\/11\/znak-300x185.jpg\" alt=\"\" width=\"300\" height=\"185\" srcset=\"https:\/\/www.ipa-kraljevo.org\/wp-content\/uploads\/2017\/11\/znak-300x185.jpg 300w, https:\/\/www.ipa-kraljevo.org\/wp-content\/uploads\/2017\/11\/znak.jpg 720w\" sizes=\"auto, (max-width: 300px) 100vw, 300px\" \/><\/p>\n<p>Cena:<br \/>\n&#8211; sve\u010dana ve\u010dera &#8211; 1500 dinara<br \/>\n&#8211; no\u0107enje <a href=\"tel:25%2F26.11.2017\" target=\"_blank\" rel=\"noopener noreferrer\">25\/26.11.2017<\/a>. god. &#8211; 1000 dinara<br \/>\n&#8211; doru\u010dak &#8211; 400 dinara<\/p>\n<p>Rok za prijavu do 15.11.2017. godine<\/p>\n<p>Kontakt telefon\u00a0 063\/457281<br \/>\nmail: <a href=\"mailto:vagaja01@gmail.com\" target=\"_blank\" rel=\"noopener noreferrer\">vagaja01@gmail.com<\/a><br \/>\nVagaji\u0107 Vladica<\/p>\n<p>&nbsp;<\/p>\n","protected":false},"excerpt":{"rendered":"<p>Dana 25.11.2017. godine organizova\u0107e se proslava povodom osnivanja Podregije IPA Negotin &#8211; Regija Bor. Sve\u010dana ve\u010dera odr\u017eace se na Raja\u010dkim pimnicama sa po\u010detkom u 18,00 \u010dasova. Smestaj gostiju je u turisti\u010dkim seoskim doma\u0107instvima u selu Rajac. Cena: &#8211; sve\u010dana ve\u010dera &hellip; <a href=\"https:\/\/www.ipa-kraljevo.org\/?p=154\">\u041d\u0430\u0441\u0442\u0430\u0432\u0438\u0442\u0435 \u0441\u0430 \u0447\u0438\u0442\u0430\u045a\u0435\u043c <span class=\"meta-nav\">&rarr;<\/span><\/a><\/p>\n","protected":false},"author":1,"featured_media":0,"comment_status":"closed","ping_status":"open","sticky":false,"template":"","format":"standard","meta":{"footnotes":""},"categories":[1],"tags":[],"class_list":["post-154","post","type-post","status-publish","format-standard","hentry","category-nekategorizovano"],"_links":{"self":[{"href":"https:\/\/www.ipa-kraljevo.org\/index.php?rest_route=\/wp\/v2\/posts\/154","targetHints":{"allow":["GET"]}}],"collection":[{"href":"https:\/\/www.ipa-kraljevo.org\/index.php?rest_route=\/wp\/v2\/posts"}],"about":[{"href":"https:\/\/www.ipa-kraljevo.org\/index.php?rest_route=\/wp\/v2\/types\/post"}],"author":[{"embeddable":true,"href":"https:\/\/www.ipa-kraljevo.org\/index.php?rest_route=\/wp\/v2\/users\/1"}],"replies":[{"embeddable":true,"href":"https:\/\/www.ipa-kraljevo.org\/index.php?rest_route=%2Fwp%2Fv2%2Fcomments&post=154"}],"version-history":[{"count":3,"href":"https:\/\/www.ipa-kraljevo.org\/index.php?rest_route=\/wp\/v2\/posts\/154\/revisions"}],"predecessor-version":[{"id":158,"href":"https:\/\/www.ipa-kraljevo.org\/index.php?rest_route=\/wp\/v2\/posts\/154\/revisions\/158"}],"wp:attachment":[{"href":"https:\/\/www.ipa-kraljevo.org\/index.php?rest_route=%2Fwp%2Fv2%2Fmedia&parent=154"}],"wp:term":[{"taxonomy":"category","embeddable":true,"href":"https:\/\/www.ipa-kraljevo.org\/index.php?rest_route=%2Fwp%2Fv2%2Fcategories&post=154"},{"taxonomy":"post_tag","embeddable":true,"href":"https:\/\/www.ipa-kraljevo.org\/index.php?rest_route=%2Fwp%2Fv2%2Ftags&post=154"}],"curies":[{"name":"wp","href":"https:\/\/api.w.org\/{rel}","templated":true}]}}